{"id":265,"date":"2017-03-20T14:49:00","date_gmt":"2017-03-20T14:49:00","guid":{"rendered":"https:\/\/tischtennisakademie.com\/?p=265"},"modified":"2022-01-04T20:16:26","modified_gmt":"2022-01-04T20:16:26","slug":"news-archiv","status":"publish","type":"post","link":"https:\/\/tischtennisakademie.com\/index.php\/2017\/03\/20\/news-archiv\/","title":{"rendered":"NEWS-ARCHIV"},"content":{"rendered":"\n<p><\/p>\n\n\n\n<blockquote class=\"wp-block-quote is-layout-flow wp-block-quote-is-layout-flow\"><p><strong>Deutschen Meisterschaften der Leistungsklassen<\/strong><\/p><\/blockquote>\n\n\n\n<p><\/p>\n\n\n\n<p>24.06.2017- Bei den&nbsp;12. Deutschen Meisterschaften der Leistungsklassen&nbsp;in Nittenau mit fast zweihundert Teilnehmern d\u00fcpiert die erst elfj\u00e4hrige&nbsp;<strong>Laura Kaim<\/strong>&nbsp;vom <strong>SSV Sch\u00f6nm\u00fcnzach<\/strong> &nbsp;mit ihrem Sieg alle Mitwettbewerberinnen der A-Klasse bei den Damen.&nbsp;<\/p>\n\n\n\n<p><\/p>\n\n\n\n<div class=\"wp-block-image\"><figure class=\"aligncenter is-resized\"><img loading=\"lazy\" decoding=\"async\" src=\"https:\/\/www.i-tta.cal24.pl\/test2\/wp-content\/uploads\/2021\/12\/grafik-23.png\" alt=\"\" class=\"wp-image-4235\" width=\"913\" height=\"970\"\/><\/figure><\/div>\n\n\n\n<p><\/p>\n\n\n\n<blockquote class=\"wp-block-quote is-layout-flow wp-block-quote-is-layout-flow\"><p><strong>SSV Sch\u00f6nm\u00fcnzach ist in die Regionalliga aufgestiegen<\/strong><\/p><\/blockquote>\n\n\n\n<p><\/p>\n\n\n\n<p>20.04.2017- Die erste Damen Mannschaft hat mit 31:5 Punkten den Meistertitel in der Oberliga erk\u00e4mpft und damit den Aufstieg in die Regionalliga geschafft.<\/p>\n\n\n\n<p><\/p>\n\n\n\n<figure class=\"wp-block-image\"><img decoding=\"async\" src=\"http:\/\/www.i-tta.cal24.pl\/test\/wp-content\/uploads\/2019\/05\/SSV-Damen-a-1024x683.jpg\" alt=\"\" class=\"wp-image-509\"\/><\/figure>\n\n\n\n<hr class=\"wp-block-separator\"\/>\n\n\n\n<blockquote class=\"wp-block-quote is-layout-flow wp-block-quote-is-layout-flow\"><p><strong>Deutsche Pokalmeisterschaften 2017 f\u00fcr Verbandsklassen<\/strong><\/p><\/blockquote>\n\n\n\n<p><\/p>\n\n\n\n<p>25.-28.05.2017 \u2013 Die zweite Damenmannschaft von SSV Sch\u00f6nm\u00fcnzach belegte bei Deutschen Pokalmeisterschaften f\u00fcr Verbandsklassen den dritten Platz.<\/p>\n\n\n\n<p><\/p>\n\n\n\n<figure class=\"wp-block-image size-full\"><img loading=\"lazy\" decoding=\"async\" width=\"908\" height=\"636\" src=\"https:\/\/tischtennisakademie.com\/wp-content\/uploads\/2022\/01\/image.png\" alt=\"\" class=\"wp-image-266\" srcset=\"https:\/\/tischtennisakademie.com\/wp-content\/uploads\/2022\/01\/image.png 908w, https:\/\/tischtennisakademie.com\/wp-content\/uploads\/2022\/01\/image-300x210.png 300w, https:\/\/tischtennisakademie.com\/wp-content\/uploads\/2022\/01\/image-768x538.png 768w\" sizes=\"(max-width: 908px) 100vw, 908px\" \/><\/figure>\n\n\n\n<hr class=\"wp-block-separator\"\/>\n\n\n\n<p><\/p>\n\n\n\n<blockquote class=\"wp-block-quote is-layout-flow wp-block-quote-is-layout-flow\"><p><strong>SV B\u00f6blingen belegte den vierten Platz.<\/strong><\/p><\/blockquote>\n\n\n\n<p><\/p>\n\n\n\n<p>19.04.2017-Die Tischtennisspielerinnen der SV B\u00f6blingen haben die Bundesliga Saison 2016\/2017 auf dem vierten Platz abgeschlossen.<\/p>\n\n\n\n<figure class=\"wp-block-image size-full\"><img loading=\"lazy\" decoding=\"async\" width=\"905\" height=\"530\" src=\"https:\/\/tischtennisakademie.com\/wp-content\/uploads\/2022\/01\/image-1.png\" alt=\"\" class=\"wp-image-267\" srcset=\"https:\/\/tischtennisakademie.com\/wp-content\/uploads\/2022\/01\/image-1.png 905w, https:\/\/tischtennisakademie.com\/wp-content\/uploads\/2022\/01\/image-1-300x176.png 300w, https:\/\/tischtennisakademie.com\/wp-content\/uploads\/2022\/01\/image-1-768x450.png 768w\" sizes=\"(max-width: 905px) 100vw, 905px\" \/><\/figure>\n\n\n\n<p><\/p>\n\n\n\n<p><\/p>\n\n\n\n<hr class=\"wp-block-separator\"\/>\n\n\n\n<blockquote class=\"wp-block-quote is-layout-flow wp-block-quote-is-layout-flow\"><p><strong>&nbsp;Laura Kaim f\u00fcr den DTTB-Talentkader nominiert<\/strong><\/p><\/blockquote>\n\n\n\n<p><\/p>\n\n\n\n<p>18.04.2017 \u2013 Laura Kaim (SSV Sch\u00f6nm\u00fcnzach) ist f\u00fcr Jahr2017 in den Talentkader des&nbsp; Deutschen Tischtennis- Bundes berufen worden. Herzlichen Gl\u00fcckwunsch! Foto: Ute Walkenhorst.<\/p>\n\n\n\n<figure class=\"wp-block-image size-full\"><img loading=\"lazy\" decoding=\"async\" width=\"906\" height=\"619\" src=\"https:\/\/tischtennisakademie.com\/wp-content\/uploads\/2022\/01\/image-2.png\" alt=\"\" class=\"wp-image-268\" srcset=\"https:\/\/tischtennisakademie.com\/wp-content\/uploads\/2022\/01\/image-2.png 906w, https:\/\/tischtennisakademie.com\/wp-content\/uploads\/2022\/01\/image-2-300x205.png 300w, https:\/\/tischtennisakademie.com\/wp-content\/uploads\/2022\/01\/image-2-768x525.png 768w\" sizes=\"(max-width: 906px) 100vw, 906px\" \/><\/figure>\n\n\n\n<p><\/p>\n\n\n\n<hr class=\"wp-block-separator\"\/>\n\n\n\n<blockquote class=\"wp-block-quote is-layout-flow wp-block-quote-is-layout-flow\"><p><strong>Rang vier beim Stiga Master Minimes in Belgien<\/strong><\/p><\/blockquote>\n\n\n\n<p><\/p>\n\n\n\n<p>22.\/23.2016 \u2013 Laura Kaim sicherte sich beim Stiga Masters Minimes im belgischen Blegny, dem europ\u00e4ischen TOP 12- Ranglisteturnier der Altersklasse U12 Rang vier.<\/p>\n\n\n\n<figure class=\"wp-block-image size-full\"><img loading=\"lazy\" decoding=\"async\" width=\"913\" height=\"679\" src=\"https:\/\/tischtennisakademie.com\/wp-content\/uploads\/2022\/01\/image-3.png\" alt=\"\" class=\"wp-image-269\" srcset=\"https:\/\/tischtennisakademie.com\/wp-content\/uploads\/2022\/01\/image-3.png 913w, https:\/\/tischtennisakademie.com\/wp-content\/uploads\/2022\/01\/image-3-300x223.png 300w, https:\/\/tischtennisakademie.com\/wp-content\/uploads\/2022\/01\/image-3-768x571.png 768w\" sizes=\"(max-width: 913px) 100vw, 913px\" \/><\/figure>\n\n\n\n<p><\/p>\n\n\n\n<hr class=\"wp-block-separator\"\/>\n\n\n\n<blockquote class=\"wp-block-quote is-layout-flow wp-block-quote-is-layout-flow\"><p><strong>Julia Kaim dritte beim DTTB-Bundesranglistenfinale<\/strong><\/p><\/blockquote>\n\n\n\n<p><\/p>\n\n\n\n<p>22.\/23.10.2016 \u2013 Beim Bundesranglistenfinale in Hagen erreichte Julia \u00fcberraschend Platz drei im 48er-Feld.<\/p>\n\n\n\n<hr class=\"wp-block-separator\"\/>\n\n\n\n<figure class=\"wp-block-image size-full\"><img loading=\"lazy\" decoding=\"async\" width=\"908\" height=\"514\" src=\"https:\/\/tischtennisakademie.com\/wp-content\/uploads\/2022\/01\/image-4.png\" alt=\"\" class=\"wp-image-270\" srcset=\"https:\/\/tischtennisakademie.com\/wp-content\/uploads\/2022\/01\/image-4.png 908w, https:\/\/tischtennisakademie.com\/wp-content\/uploads\/2022\/01\/image-4-300x170.png 300w, https:\/\/tischtennisakademie.com\/wp-content\/uploads\/2022\/01\/image-4-768x435.png 768w\" sizes=\"(max-width: 908px) 100vw, 908px\" \/><\/figure>\n\n\n\n<p><\/p>\n\n\n\n<blockquote class=\"wp-block-quote is-layout-flow wp-block-quote-is-layout-flow\"><p><strong>Dritte Platz bei den Deutschenmeisterschaften f\u00fcr SSV<\/strong><\/p><\/blockquote>\n\n\n\n<p><\/p>\n\n\n\n<p>18.\/19.06.2016- Bei den Deutschen Mannschaftsmeisterschaften U15 in Osterburg\/ Sachsen-Anhalt belegte die M\u00e4dchenmannschaft aus Sch\u00f6nm\u00fcnzach den 3.Platz.&nbsp;&nbsp;&nbsp;&nbsp;&nbsp;&nbsp;&nbsp;&nbsp;&nbsp;<\/p>\n\n\n\n<hr class=\"wp-block-separator\"\/>\n\n\n\n<figure class=\"wp-block-image size-large\"><img loading=\"lazy\" decoding=\"async\" width=\"946\" height=\"1024\" src=\"https:\/\/tischtennisakademie.com\/wp-content\/uploads\/2022\/01\/unspecified8-946x1024.jpg\" alt=\"\" class=\"wp-image-271\" srcset=\"https:\/\/tischtennisakademie.com\/wp-content\/uploads\/2022\/01\/unspecified8-946x1024.jpg 946w, https:\/\/tischtennisakademie.com\/wp-content\/uploads\/2022\/01\/unspecified8-277x300.jpg 277w, https:\/\/tischtennisakademie.com\/wp-content\/uploads\/2022\/01\/unspecified8-768x831.jpg 768w, https:\/\/tischtennisakademie.com\/wp-content\/uploads\/2022\/01\/unspecified8.jpg 1200w\" sizes=\"(max-width: 946px) 100vw, 946px\" \/><\/figure>\n\n\n\n<p><\/p>\n\n\n\n<blockquote class=\"wp-block-quote is-layout-flow wp-block-quote-is-layout-flow\"><p><strong>Nicole Gaiser \u2013 Deutsche Meisterin im Tischtennis<\/strong><\/p><\/blockquote>\n\n\n\n<p><\/p>\n\n\n\n<p>12.06.2016 -Nur ein Monat nach ihrem sensationellen Triumph mit der Mannschaft bei der&nbsp; Deutschen Pokalmeisterschaften in der h\u00f6chsten Klasse f\u00fcr Verbandsklassen, pr\u00e4sentierte sich Nicole Gaiser vom SSV Sch\u00f6nm\u00fcnzach neuerlich in Topform. Bei den deutschen Meisterschaften der Verbandsklassen in Pforzheim holte sie sich in der K\u00f6nigklasse der Damen A die Titel im Einzel.<\/p>\n\n\n\n<figure class=\"wp-block-image size-large\"><img loading=\"lazy\" decoding=\"async\" width=\"854\" height=\"1024\" src=\"https:\/\/tischtennisakademie.com\/wp-content\/uploads\/2022\/01\/image-5-854x1024.png\" alt=\"\" class=\"wp-image-272\" srcset=\"https:\/\/tischtennisakademie.com\/wp-content\/uploads\/2022\/01\/image-5-854x1024.png 854w, https:\/\/tischtennisakademie.com\/wp-content\/uploads\/2022\/01\/image-5-250x300.png 250w, https:\/\/tischtennisakademie.com\/wp-content\/uploads\/2022\/01\/image-5-768x921.png 768w, https:\/\/tischtennisakademie.com\/wp-content\/uploads\/2022\/01\/image-5.png 910w\" sizes=\"(max-width: 854px) 100vw, 854px\" \/><\/figure>\n\n\n\n<p><\/p>\n\n\n\n<hr class=\"wp-block-separator\"\/>\n\n\n\n<blockquote class=\"wp-block-quote is-layout-flow wp-block-quote-is-layout-flow\"><p><strong>Gold im Einzel beim Turnier in Prag<\/strong><\/p><\/blockquote>\n\n\n\n<p>&nbsp;<\/p>\n\n\n\n<p>27.-29.05.2016 \u2013 Beim gr\u00f6\u00dften Nachwuchsturnier Tschechiens in , wo das Teilnehmerfeld knapp 500 Spieler und Spielerinnen aus 20 Nationen umfasst, gewann Laura Kaim Gold im Einzel.<\/p>\n\n\n\n<hr class=\"wp-block-separator\"\/>\n\n\n\n<figure class=\"wp-block-image size-full\"><img loading=\"lazy\" decoding=\"async\" width=\"911\" height=\"649\" src=\"https:\/\/tischtennisakademie.com\/wp-content\/uploads\/2022\/01\/image-6.png\" alt=\"\" class=\"wp-image-273\" srcset=\"https:\/\/tischtennisakademie.com\/wp-content\/uploads\/2022\/01\/image-6.png 911w, https:\/\/tischtennisakademie.com\/wp-content\/uploads\/2022\/01\/image-6-300x214.png 300w, https:\/\/tischtennisakademie.com\/wp-content\/uploads\/2022\/01\/image-6-768x547.png 768w\" sizes=\"(max-width: 911px) 100vw, 911px\" \/><\/figure>\n\n\n\n<p><\/p>\n\n\n\n<blockquote class=\"wp-block-quote is-layout-flow wp-block-quote-is-layout-flow\"><p><strong>Laura Kaim zweite beim Talent-Cup<\/strong><\/p><\/blockquote>\n\n\n\n<p>&nbsp;<\/p>\n\n\n\n<p>21\/22.05.2016 \u2013 Von einer Erkrankung leicht geschw\u00e4cht erspielte sich Laura Kaim (SSV Sch\u00f6nm\u00fcnzach) die Silbermedaille beim Talent-Cup in D\u00fcsseldorf.<\/p>\n\n\n\n<hr class=\"wp-block-separator\"\/>\n\n\n\n<figure class=\"wp-block-image size-full\"><img loading=\"lazy\" decoding=\"async\" width=\"821\" height=\"923\" src=\"https:\/\/tischtennisakademie.com\/wp-content\/uploads\/2022\/01\/Laura-Talent-Cup.jpg\" alt=\"\" class=\"wp-image-274\" srcset=\"https:\/\/tischtennisakademie.com\/wp-content\/uploads\/2022\/01\/Laura-Talent-Cup.jpg 821w, https:\/\/tischtennisakademie.com\/wp-content\/uploads\/2022\/01\/Laura-Talent-Cup-267x300.jpg 267w, https:\/\/tischtennisakademie.com\/wp-content\/uploads\/2022\/01\/Laura-Talent-Cup-768x863.jpg 768w\" sizes=\"(max-width: 821px) 100vw, 821px\" \/><\/figure>\n\n\n\n<p><\/p>\n\n\n\n<blockquote class=\"wp-block-quote is-layout-flow wp-block-quote-is-layout-flow\"><p><strong>Gold und Bronze bei den Spanisch Open f\u00fcr Julia Kaim<\/strong><\/p><\/blockquote>\n\n\n\n<p><\/p>\n\n\n\n<p>05.05.2016 \u2013 Bei den Spanisch Junior Open in Platja d`Aro holte Julia Kaim Gold im Doppel mit Janina K\u00e4mmerer und eine Bronzemedaille im Mannschaftswettbewerb.<\/p>\n\n\n\n<hr class=\"wp-block-separator\"\/>\n\n\n\n<figure class=\"wp-block-image size-full\"><img loading=\"lazy\" decoding=\"async\" width=\"908\" height=\"473\" src=\"https:\/\/tischtennisakademie.com\/wp-content\/uploads\/2022\/01\/image-7.png\" alt=\"\" class=\"wp-image-275\" srcset=\"https:\/\/tischtennisakademie.com\/wp-content\/uploads\/2022\/01\/image-7.png 908w, https:\/\/tischtennisakademie.com\/wp-content\/uploads\/2022\/01\/image-7-300x156.png 300w, https:\/\/tischtennisakademie.com\/wp-content\/uploads\/2022\/01\/image-7-768x400.png 768w\" sizes=\"(max-width: 908px) 100vw, 908px\" \/><\/figure>\n\n\n\n<p><\/p>\n\n\n\n<blockquote class=\"wp-block-quote is-layout-flow wp-block-quote-is-layout-flow\"><p><strong>Sch\u00f6nm\u00fcnzach&nbsp;gewinnt die Deutschen Pokalmeisterschaften<\/strong><\/p><\/blockquote>\n\n\n\n<p><\/p>\n\n\n\n<p>08.05.2016 \u2013 Die erste Damenmannschaft von SSV Sch\u00f6nm\u00fcnzach wurde Sensationell Pokalsieger.<\/p>\n\n\n\n<hr class=\"wp-block-separator\"\/>\n\n\n\n<figure class=\"wp-block-image size-full\"><img loading=\"lazy\" decoding=\"async\" width=\"916\" height=\"570\" src=\"https:\/\/tischtennisakademie.com\/wp-content\/uploads\/2022\/01\/image-8.png\" alt=\"\" class=\"wp-image-276\" srcset=\"https:\/\/tischtennisakademie.com\/wp-content\/uploads\/2022\/01\/image-8.png 916w, https:\/\/tischtennisakademie.com\/wp-content\/uploads\/2022\/01\/image-8-300x187.png 300w, https:\/\/tischtennisakademie.com\/wp-content\/uploads\/2022\/01\/image-8-768x478.png 768w\" sizes=\"(max-width: 916px) 100vw, 916px\" \/><\/figure>\n\n\n\n<p><\/p>\n\n\n\n<blockquote class=\"wp-block-quote is-layout-flow wp-block-quote-is-layout-flow\"><p><strong>Julia Kaim dritte bei der deutschen Jugend-Meisterschaft<\/strong><\/p><\/blockquote>\n\n\n\n<p><\/p>\n\n\n\n<p>23\/24.04.2016 \u2013 Bronze im Doppel f\u00fcr Julia Kaim bei der deutschen Jugend-Meisterschaft.<\/p>\n\n\n\n<figure class=\"wp-block-image size-full\"><img loading=\"lazy\" decoding=\"async\" width=\"913\" height=\"691\" src=\"https:\/\/tischtennisakademie.com\/wp-content\/uploads\/2022\/01\/image-9.png\" alt=\"\" class=\"wp-image-277\" srcset=\"https:\/\/tischtennisakademie.com\/wp-content\/uploads\/2022\/01\/image-9.png 913w, https:\/\/tischtennisakademie.com\/wp-content\/uploads\/2022\/01\/image-9-300x227.png 300w, https:\/\/tischtennisakademie.com\/wp-content\/uploads\/2022\/01\/image-9-768x581.png 768w\" sizes=\"(max-width: 913px) 100vw, 913px\" \/><\/figure>\n\n\n\n<p><\/p>\n\n\n\n<p><\/p>\n\n\n\n<blockquote class=\"wp-block-quote is-layout-flow wp-block-quote-is-layout-flow\"><p><strong>16th Youth Championship in Linz-Austria: 1. Platz f\u00fcr Laura<\/strong><\/p><\/blockquote>\n\n\n\n<p><\/p>\n\n\n\n<p>25.\/28.03-2016 \u2013 Laura Kaim gewinnt bei den 16th Youth Championship in der j\u00fcngsten Klasse Mini Cadet Girls U11. Im Team-Wettbewerb konnte Laura an der Seite von Melissa De Montes vom Chartres ASTT die Silbermedaille gewinnen.<\/p>\n\n\n\n<figure class=\"wp-block-image size-full\"><img loading=\"lazy\" decoding=\"async\" width=\"910\" height=\"741\" src=\"https:\/\/tischtennisakademie.com\/wp-content\/uploads\/2022\/01\/image-10.png\" alt=\"\" class=\"wp-image-278\" srcset=\"https:\/\/tischtennisakademie.com\/wp-content\/uploads\/2022\/01\/image-10.png 910w, https:\/\/tischtennisakademie.com\/wp-content\/uploads\/2022\/01\/image-10-300x244.png 300w, https:\/\/tischtennisakademie.com\/wp-content\/uploads\/2022\/01\/image-10-768x625.png 768w\" sizes=\"(max-width: 910px) 100vw, 910px\" \/><\/figure>\n\n\n\n<p><\/p>\n\n\n\n<hr class=\"wp-block-separator\"\/>\n\n\n\n<blockquote class=\"wp-block-quote is-layout-flow wp-block-quote-is-layout-flow\"><p><strong>Bronze bei den French Open f\u00fcr Julia Kaim<\/strong><\/p><\/blockquote>\n\n\n\n<p><\/p>\n\n\n\n<p>17.02.2016 \u2013 Julia Kaim hat mit ihrer Partnerin Rose Lotta bei den French Open in Metz\/FRA f\u00fcr eine von zwei deutschen Medaillen gesorgt.<\/p>\n\n\n\n<hr class=\"wp-block-separator\"\/>\n\n\n\n<figure class=\"wp-block-image size-full\"><img loading=\"lazy\" decoding=\"async\" width=\"916\" height=\"601\" src=\"https:\/\/tischtennisakademie.com\/wp-content\/uploads\/2022\/01\/image-11.png\" alt=\"\" class=\"wp-image-279\" srcset=\"https:\/\/tischtennisakademie.com\/wp-content\/uploads\/2022\/01\/image-11.png 916w, https:\/\/tischtennisakademie.com\/wp-content\/uploads\/2022\/01\/image-11-300x197.png 300w, https:\/\/tischtennisakademie.com\/wp-content\/uploads\/2022\/01\/image-11-768x504.png 768w\" sizes=\"(max-width: 916px) 100vw, 916px\" \/><\/figure>\n\n\n\n<p><\/p>\n\n\n\n<blockquote class=\"wp-block-quote is-layout-flow wp-block-quote-is-layout-flow\"><p><strong>Laura Kaim hat den deutschen Future Cup gewonnen<\/strong><\/p><\/blockquote>\n\n\n\n<p><\/p>\n\n\n\n<p>09\/10.01.2016 \u2013 Laura mit einer 10:0 Bilanz wurde als einzige Spielerin ohne Niederlage beim Future Cup in Saarbr\u00fccken.<\/p>\n\n\n\n<figure class=\"wp-block-image size-full\"><img loading=\"lazy\" decoding=\"async\" width=\"913\" height=\"596\" src=\"https:\/\/tischtennisakademie.com\/wp-content\/uploads\/2022\/01\/image-12.png\" alt=\"\" class=\"wp-image-280\" srcset=\"https:\/\/tischtennisakademie.com\/wp-content\/uploads\/2022\/01\/image-12.png 913w, https:\/\/tischtennisakademie.com\/wp-content\/uploads\/2022\/01\/image-12-300x196.png 300w, https:\/\/tischtennisakademie.com\/wp-content\/uploads\/2022\/01\/image-12-768x501.png 768w\" sizes=\"(max-width: 913px) 100vw, 913px\" \/><\/figure>\n\n\n\n<p><\/p>\n\n\n\n<hr class=\"wp-block-separator\"\/>\n\n\n\n<blockquote class=\"wp-block-quote is-layout-flow wp-block-quote-is-layout-flow\"><p><strong>TOP24- Erneut Dritter Platz<\/strong><\/p><\/blockquote>\n\n\n\n<p>&nbsp;<\/p>\n\n\n\n<p>23.11.2015 \u2013 In Kellinghusen (Schleswig-Holstein) konnte Julia \u00fcberzeugen und holte sich die &nbsp;&nbsp; Bronzemedaille und direkte Qualifikation zum TOP 12.<\/p>\n\n\n\n<hr class=\"wp-block-separator\"\/>\n\n\n\n<figure class=\"wp-block-image size-full\"><img loading=\"lazy\" decoding=\"async\" width=\"911\" height=\"505\" src=\"https:\/\/tischtennisakademie.com\/wp-content\/uploads\/2022\/01\/image-13.png\" alt=\"\" class=\"wp-image-281\" srcset=\"https:\/\/tischtennisakademie.com\/wp-content\/uploads\/2022\/01\/image-13.png 911w, https:\/\/tischtennisakademie.com\/wp-content\/uploads\/2022\/01\/image-13-300x166.png 300w, https:\/\/tischtennisakademie.com\/wp-content\/uploads\/2022\/01\/image-13-768x426.png 768w\" sizes=\"(max-width: 911px) 100vw, 911px\" \/><\/figure>\n\n\n\n<p><\/p>\n\n\n\n<blockquote class=\"wp-block-quote is-layout-flow wp-block-quote-is-layout-flow\"><p><strong>Julia Kaim dritte beim TOP 48-Bundesranglitenturnier<\/strong><\/p><\/blockquote>\n\n\n\n<p><\/p>\n\n\n\n<p>01\/02.11.2015 \u2013 Julia Kaim belegte den 3. Platz beim TOP 48-Bundesranglitenturnier der Jugend im pf\u00e4lzischen Waldfischbach.<\/p>\n\n\n\n<figure class=\"wp-block-image size-full\"><img loading=\"lazy\" decoding=\"async\" width=\"914\" height=\"583\" src=\"https:\/\/tischtennisakademie.com\/wp-content\/uploads\/2022\/01\/image-14.png\" alt=\"\" class=\"wp-image-282\" srcset=\"https:\/\/tischtennisakademie.com\/wp-content\/uploads\/2022\/01\/image-14.png 914w, https:\/\/tischtennisakademie.com\/wp-content\/uploads\/2022\/01\/image-14-300x191.png 300w, https:\/\/tischtennisakademie.com\/wp-content\/uploads\/2022\/01\/image-14-768x490.png 768w\" sizes=\"(max-width: 914px) 100vw, 914px\" \/><\/figure>\n\n\n\n<p><\/p>\n\n\n\n<blockquote class=\"wp-block-quote is-layout-flow wp-block-quote-is-layout-flow\"><p><strong>Laura Kaim erste bei deutschen Talent Cup<\/strong><\/p><\/blockquote>\n\n\n\n<p><\/p>\n\n\n\n<p>06.\/07.06.2015- Laura Kaim vom SSV Sch\u00f6nm\u00fcnzach gewinnt diesj\u00e4hrige Auflage des DTTB Talent Cups in D\u00fcsseldorf.<\/p>\n\n\n\n<figure class=\"wp-block-image size-full\"><img loading=\"lazy\" decoding=\"async\" width=\"914\" height=\"614\" src=\"https:\/\/tischtennisakademie.com\/wp-content\/uploads\/2022\/01\/image-15.png\" alt=\"\" class=\"wp-image-283\" srcset=\"https:\/\/tischtennisakademie.com\/wp-content\/uploads\/2022\/01\/image-15.png 914w, https:\/\/tischtennisakademie.com\/wp-content\/uploads\/2022\/01\/image-15-300x202.png 300w, https:\/\/tischtennisakademie.com\/wp-content\/uploads\/2022\/01\/image-15-768x516.png 768w\" sizes=\"(max-width: 914px) 100vw, 914px\" \/><\/figure>\n\n\n\n<p><\/p>\n\n\n\n<blockquote class=\"wp-block-quote is-layout-flow wp-block-quote-is-layout-flow\"><p><strong>Julia Kaim erneut Deutsche Meisterin<\/strong><\/p><\/blockquote>\n\n\n\n<p>&nbsp;<\/p>\n\n\n\n<p>25.\/26.04.2015- Julia Kaim vom SV B\u00f6blingen erneut deutsche&nbsp;Jugendmeisterin in Tischtennisdoppel.<\/p>\n\n\n\n<hr class=\"wp-block-separator\"\/>\n\n\n\n<figure class=\"wp-block-image size-full\"><img loading=\"lazy\" decoding=\"async\" width=\"908\" height=\"603\" src=\"https:\/\/tischtennisakademie.com\/wp-content\/uploads\/2022\/01\/image-16.png\" alt=\"\" class=\"wp-image-284\" srcset=\"https:\/\/tischtennisakademie.com\/wp-content\/uploads\/2022\/01\/image-16.png 908w, https:\/\/tischtennisakademie.com\/wp-content\/uploads\/2022\/01\/image-16-300x199.png 300w, https:\/\/tischtennisakademie.com\/wp-content\/uploads\/2022\/01\/image-16-768x510.png 768w\" sizes=\"(max-width: 908px) 100vw, 908px\" \/><\/figure>\n\n\n\n<p><\/p>\n\n\n\n<blockquote class=\"wp-block-quote is-layout-flow wp-block-quote-is-layout-flow\"><p><strong>Silbermedailie beim DTTB TOP 12<\/strong><\/p><\/blockquote>\n\n\n\n<p>&nbsp;<\/p>\n\n\n\n<p>21.\/22.02.2015- Julia Kaim vom SV B\u00f6blingen wurde Zweite bei den M\u00e4dchen U18 beim DTTB-Bundesranglistenturnier TOP 12 in Bad Homburg.<\/p>\n\n\n\n<p><\/p>\n\n\n\n<figure class=\"wp-block-image\"><img decoding=\"async\" src=\"http:\/\/www.i-tta.cal24.pl\/test2\/wp-content\/uploads\/2019\/05\/Julia-Kaim-bbtt21-1024x682.jpg\" alt=\"\" class=\"wp-image-124\"\/><\/figure>\n","protected":false},"excerpt":{"rendered":"<p>Deutschen Meisterschaften der Leistungsklassen 24.06.2017- Bei den&nbsp;12. Deutschen Meisterschaften der Leistungsklassen&nbsp;in Nittenau mit fast zweihundert Teilnehmern d\u00fcpiert die erst elfj\u00e4hrige&nbsp;Laura Kaim&nbsp;vom SSV Sch\u00f6nm\u00fcnzach &nbsp;mit&hellip;<\/p>\n","protected":false},"author":1,"featured_media":346,"comment_status":"closed","ping_status":"closed","sticky":false,"template":"","format":"standard","meta":{"footnotes":""},"categories":[5],"tags":[],"class_list":["post-265","post","type-post","status-publish","format-standard","has-post-thumbnail","hentry","category-news"],"_links":{"self":[{"href":"https:\/\/tischtennisakademie.com\/index.php\/wp-json\/wp\/v2\/posts\/265"}],"collection":[{"href":"https:\/\/tischtennisakademie.com\/index.php\/wp-json\/wp\/v2\/posts"}],"about":[{"href":"https:\/\/tischtennisakademie.com\/index.php\/wp-json\/wp\/v2\/types\/post"}],"author":[{"embeddable":true,"href":"https:\/\/tischtennisakademie.com\/index.php\/wp-json\/wp\/v2\/users\/1"}],"replies":[{"embeddable":true,"href":"https:\/\/tischtennisakademie.com\/index.php\/wp-json\/wp\/v2\/comments?post=265"}],"version-history":[{"count":4,"href":"https:\/\/tischtennisakademie.com\/index.php\/wp-json\/wp\/v2\/posts\/265\/revisions"}],"predecessor-version":[{"id":403,"href":"https:\/\/tischtennisakademie.com\/index.php\/wp-json\/wp\/v2\/posts\/265\/revisions\/403"}],"wp:featuredmedia":[{"embeddable":true,"href":"https:\/\/tischtennisakademie.com\/index.php\/wp-json\/wp\/v2\/media\/346"}],"wp:attachment":[{"href":"https:\/\/tischtennisakademie.com\/index.php\/wp-json\/wp\/v2\/media?parent=265"}],"wp:term":[{"taxonomy":"category","embeddable":true,"href":"https:\/\/tischtennisakademie.com\/index.php\/wp-json\/wp\/v2\/categories?post=265"},{"taxonomy":"post_tag","embeddable":true,"href":"https:\/\/tischtennisakademie.com\/index.php\/wp-json\/wp\/v2\/tags?post=265"}],"curies":[{"name":"wp","href":"https:\/\/api.w.org\/{rel}","templated":true}]}}